{"id":4756,"date":"2026-08-29T23:35:01","date_gmt":"2026-08-29T21:35:01","guid":{"rendered":"https:\/\/borowaparafia.pl\/?p=4756"},"modified":"2026-08-29T23:35:53","modified_gmt":"2026-08-29T21:35:53","slug":"ogloszenia-duszpasterkie-30-08-2026","status":"publish","type":"post","link":"https:\/\/borowaparafia.pl\/?p=4756","title":{"rendered":"OG\u0141OSZENIA DUSZPASTERKIE 30.08.2026"},"content":{"rendered":"\n<p class=\"has-text-align-center\"><strong>Og\u0142oszenia Duszpasterskie<br>22 Niedziela zwyk\u0142a \u2013 30 sierpnia 2026 r.<\/strong><\/p>\n\n\n\n<ol type=\"1\">\n<li>Dzisiaj w Szczodrem odbywaj\u0105 si\u0119 <strong>DO\u017bYNKI GMINY D\u0141UGO\u0141\u0118KI.<\/strong><strong><\/strong><\/li>\n\n\n\n<li><strong>We wtorek 1 wrze\u015bnia przypada 87 r. wybuchu II wojny \u015bwiatowej. <\/strong>W osobistych modlitwach pami\u0119tajmy o ofiarach tamtego tragicznego czasu. Pro\u015bmy r\u00f3wnie\u017c o dary pokoju i mi\u0142osierdzia dla ca\u0142ego \u015bwiata.<strong><\/strong><\/li>\n\n\n\n<li>Z racji rozpoczynaj\u0105cego si\u0119 roku szkolnego <strong>po\u015bwi\u0119cenie tornistr\u00f3w, ksi\u0105\u017cek, zeszyt\u00f3w i wszystkich przybor\u00f3w szkolnych<\/strong> odb\u0119dzie si\u0119 w przysz\u0142\u0105 niedziel\u0119 6 wrze\u015bnia na ka\u017cdej Mszy \u015bw.<\/li>\n\n\n\n<li><strong>W pierwszy czwartek GODZINA \u015aWI\u0118TA<\/strong><strong> <\/strong>w Smardzowie. O 18.00 Msza \u015bw., p\u00f3\u017aniej adoracja Naj\u015bwi\u0119tszego Sakramentu do 19.00.<\/li>\n\n\n\n<li><strong>W pierwszy pi\u0105tek miesi\u0105ca <\/strong>odwiedz\u0119 chorych z pos\u0142ug\u0105 sakramentaln\u0105. <strong>Spowied\u017a w tym dniu:<\/strong> w Smardzowie o 16.45 z obrz\u0119dem Komunii \u015aw.; w Borowej o 17.30; w Nieciszowie o 19.00 z obrz\u0119dem Komunii \u015aw. W tym dniu zapraszam na <strong>adoracj\u0119 Naj\u015bwi\u0119tszego Sakramentu: <\/strong>w Borowej o 17.30, w Nieciszowie od 19.00 do 20.00.<\/li>\n\n\n\n<li><strong>Spotkanie organizacyjne rodzic\u00f3w<\/strong> <strong>przed I Komuni\u0105 \u015awi\u0119t\u0105 <\/strong>odb\u0119dzie si\u0119 w niedziel\u0119 13 wrze\u015bnia i rozpocznie Msz\u0105 \u015bw. o 12.00 w Borowej.<\/li>\n\n\n\n<li><strong>Dodatkowa Msza \u015bw. w niedziel\u0119 w Smardzowie sprawowana jest o 20.00 do ko\u0144ca wrze\u015bnia.<\/strong><\/li>\n\n\n\n<li><strong>Wroc\u0142awska Dru\u017cyna Harcerzy ,,Soko\u0142y W\u0119drowne&#8221; im. Ferdynanda Antoniego Ossendowskiego<\/strong> zaprasza ch\u0142opc\u00f3w z klas 4-6 szko\u0142y podstawowej na zbi\u00f3rk\u0119 naborow\u0105 w sobot\u0119 5 wrze\u015bnia o 10.00 przy \u015bwietlicy w Nieciszowie. Wi\u0119cej informacji mo\u017cna uzyska\u0107 na plakacie.<\/li>\n\n\n\n<li><strong>Kalendarz Liturgiczny: <\/strong>w czwartek \u015bw. Grzegorza Wielkiego.<\/li>\n\n\n\n<li><strong>Spotkanie organizacyjne <\/strong>dla os\u00f3b udaj\u0105cych si\u0119 na pa\u017adziernikow\u0105 samolotow\u0105 pielgrzymk\u0119 do Fatimy i Santiago de Compostela<strong> odb\u0119dzie si\u0119 w niedziel\u0119 6 wrze\u015bnia po Mszy \u015bw. w Borowej (ok. 13.00). <\/strong>Do ko\u0144ca sierpnia nale\u017cy wp\u0142aci\u0107 reszt\u0119 op\u0142aty za pielgrzymk\u0119 (2650 z\u0142) na <strong>Rachunek G\u0142\u00f3wny <\/strong>parafii:<\/li>\n<\/ol>\n\n\n\n<p><strong>57 9584 0008 2001 0005 9880 0003<\/strong><strong><\/strong><\/p>\n\n\n\n<p>z dopiskiem \u201eFatima oraz imi\u0119 i nazwisko uczestnika pielgrzymki\u201d, np. Fatima, Jan Kowalski. Op\u0142at\u0119 mo\u017cna roz\u0142o\u017cy\u0107 na dowolne raty.<\/p>\n","protected":false},"excerpt":{"rendered":"<p>Og\u0142oszenia Duszpasterskie22 Niedziela zwyk\u0142a \u2013 30 sierpnia 2026 r. 57 9584 0008 2001 0005 9880 0003 z dopiskiem \u201eFatima oraz imi\u0119 i nazwisko uczestnika pielgrzymki\u201d, np. Fatima, Jan Kowalski. Op\u0142at\u0119 mo\u017cna roz\u0142o\u017cy\u0107 na dowolne raty.<\/p>\n","protected":false},"author":1,"featured_media":0,"comment_status":"closed","ping_status":"closed","sticky":false,"template":"","format":"standard","meta":{"_monsterinsights_skip_tracking":false,"_monsterinsights_sitenote_active":false,"_monsterinsights_sitenote_note":"","_monsterinsights_sitenote_category":0},"categories":[4],"tags":[],"yoast_head":"<!-- This site is optimized with the Yoast SEO plugin v19.11 - https:\/\/yoast.com\/wordpress\/plugins\/seo\/ -->\n<title>OG\u0141OSZENIA DUSZPASTERKIE 30.08.2026 - Parafia Borowa<\/title>\n<meta name=\"robots\" content=\"index, follow, max-snippet:-1, max-image-preview:large, max-video-preview:-1\" \/>\n<link rel=\"canonical\" href=\"https:\/\/borowaparafia.pl\/?p=4756\" \/>\n<meta property=\"og:locale\" content=\"pl_PL\" \/>\n<meta property=\"og:type\" content=\"article\" \/>\n<meta property=\"og:title\" content=\"OG\u0141OSZENIA DUSZPASTERKIE 30.08.2026 - Parafia Borowa\" \/>\n<meta property=\"og:description\" content=\"Og\u0142oszenia Duszpasterskie22 Niedziela zwyk\u0142a \u2013 30 sierpnia 2026 r. 57 9584 0008 2001 0005 9880 0003 z dopiskiem \u201eFatima oraz imi\u0119 i nazwisko uczestnika pielgrzymki\u201d, np. Fatima, Jan Kowalski. Op\u0142at\u0119 mo\u017cna roz\u0142o\u017cy\u0107 na dowolne raty.\" \/>\n<meta property=\"og:url\" content=\"https:\/\/borowaparafia.pl\/?p=4756\" \/>\n<meta property=\"og:site_name\" content=\"Parafia Borowa\" \/>\n<meta property=\"article:published_time\" content=\"2026-08-29T21:35:01+00:00\" \/>\n<meta property=\"article:modified_time\" content=\"2026-08-29T21:35:53+00:00\" \/>\n<meta name=\"author\" content=\"borowaparafia\" \/>\n<meta name=\"twitter:card\" content=\"summary_large_image\" \/>\n<meta name=\"twitter:label1\" content=\"Napisane przez\" \/>\n\t<meta name=\"twitter:data1\" content=\"borowaparafia\" \/>\n\t<meta name=\"twitter:label2\" content=\"Szacowany czas czytania\" \/>\n\t<meta name=\"twitter:data2\" content=\"2 minuty\" \/>\n<script type=\"application\/ld+json\" class=\"yoast-schema-graph\">{\"@context\":\"https:\/\/schema.org\",\"@graph\":[{\"@type\":\"Article\",\"@id\":\"https:\/\/borowaparafia.pl\/?p=4756#article\",\"isPartOf\":{\"@id\":\"https:\/\/borowaparafia.pl\/?p=4756\"},\"author\":{\"name\":\"borowaparafia\",\"@id\":\"https:\/\/borowaparafia.pl\/#\/schema\/person\/c412832172f94136d3a80fbc31a5cc37\"},\"headline\":\"OG\u0141OSZENIA DUSZPASTERKIE 30.08.2026\",\"datePublished\":\"2026-08-29T21:35:01+00:00\",\"dateModified\":\"2026-08-29T21:35:53+00:00\",\"mainEntityOfPage\":{\"@id\":\"https:\/\/borowaparafia.pl\/?p=4756\"},\"wordCount\":324,\"publisher\":{\"@id\":\"https:\/\/borowaparafia.pl\/#organization\"},\"articleSection\":[\"Aktualno\u015bci\"],\"inLanguage\":\"pl-PL\"},{\"@type\":\"WebPage\",\"@id\":\"https:\/\/borowaparafia.pl\/?p=4756\",\"url\":\"https:\/\/borowaparafia.pl\/?p=4756\",\"name\":\"OG\u0141OSZENIA DUSZPASTERKIE 30.08.2026 - Parafia Borowa\",\"isPartOf\":{\"@id\":\"https:\/\/borowaparafia.pl\/#website\"},\"datePublished\":\"2026-08-29T21:35:01+00:00\",\"dateModified\":\"2026-08-29T21:35:53+00:00\",\"breadcrumb\":{\"@id\":\"https:\/\/borowaparafia.pl\/?p=4756#breadcrumb\"},\"inLanguage\":\"pl-PL\",\"potentialAction\":[{\"@type\":\"ReadAction\",\"target\":[\"https:\/\/borowaparafia.pl\/?p=4756\"]}]},{\"@type\":\"BreadcrumbList\",\"@id\":\"https:\/\/borowaparafia.pl\/?p=4756#breadcrumb\",\"itemListElement\":[{\"@type\":\"ListItem\",\"position\":1,\"name\":\"Strona g\u0142\u00f3wna\",\"item\":\"https:\/\/borowaparafia.pl\/\"},{\"@type\":\"ListItem\",\"position\":2,\"name\":\"OG\u0141OSZENIA DUSZPASTERKIE 30.08.2026\"}]},{\"@type\":\"WebSite\",\"@id\":\"https:\/\/borowaparafia.pl\/#website\",\"url\":\"https:\/\/borowaparafia.pl\/\",\"name\":\"Parafia Borowa\",\"description\":\"\",\"publisher\":{\"@id\":\"https:\/\/borowaparafia.pl\/#organization\"},\"potentialAction\":[{\"@type\":\"SearchAction\",\"target\":{\"@type\":\"EntryPoint\",\"urlTemplate\":\"https:\/\/borowaparafia.pl\/?s={search_term_string}\"},\"query-input\":\"required name=search_term_string\"}],\"inLanguage\":\"pl-PL\"},{\"@type\":\"Organization\",\"@id\":\"https:\/\/borowaparafia.pl\/#organization\",\"name\":\"Parafia Borowa\",\"url\":\"https:\/\/borowaparafia.pl\/\",\"logo\":{\"@type\":\"ImageObject\",\"inLanguage\":\"pl-PL\",\"@id\":\"https:\/\/borowaparafia.pl\/#\/schema\/logo\/image\/\",\"url\":\"https:\/\/borowaparafia.pl\/wp-content\/uploads\/2021\/05\/cropped-cropped-parafia-scaled-2-1.jpg\",\"contentUrl\":\"https:\/\/borowaparafia.pl\/wp-content\/uploads\/2021\/05\/cropped-cropped-parafia-scaled-2-1.jpg\",\"width\":1600,\"height\":240,\"caption\":\"Parafia Borowa\"},\"image\":{\"@id\":\"https:\/\/borowaparafia.pl\/#\/schema\/logo\/image\/\"}},{\"@type\":\"Person\",\"@id\":\"https:\/\/borowaparafia.pl\/#\/schema\/person\/c412832172f94136d3a80fbc31a5cc37\",\"name\":\"borowaparafia\",\"sameAs\":[\"https:\/\/borowaparafia.pl\"],\"url\":\"https:\/\/borowaparafia.pl\/?author=1\"}]}<\/script>\n<!-- \/ Yoast SEO plugin. -->","yoast_head_json":{"title":"OG\u0141OSZENIA DUSZPASTERKIE 30.08.2026 - Parafia Borowa","robots":{"index":"index","follow":"follow","max-snippet":"max-snippet:-1","max-image-preview":"max-image-preview:large","max-video-preview":"max-video-preview:-1"},"canonical":"https:\/\/borowaparafia.pl\/?p=4756","og_locale":"pl_PL","og_type":"article","og_title":"OG\u0141OSZENIA DUSZPASTERKIE 30.08.2026 - Parafia Borowa","og_description":"Og\u0142oszenia Duszpasterskie22 Niedziela zwyk\u0142a \u2013 30 sierpnia 2026 r. 57 9584 0008 2001 0005 9880 0003 z dopiskiem \u201eFatima oraz imi\u0119 i nazwisko uczestnika pielgrzymki\u201d, np. Fatima, Jan Kowalski. Op\u0142at\u0119 mo\u017cna roz\u0142o\u017cy\u0107 na dowolne raty.","og_url":"https:\/\/borowaparafia.pl\/?p=4756","og_site_name":"Parafia Borowa","article_published_time":"2026-08-29T21:35:01+00:00","article_modified_time":"2026-08-29T21:35:53+00:00","author":"borowaparafia","twitter_card":"summary_large_image","twitter_misc":{"Napisane przez":"borowaparafia","Szacowany czas czytania":"2 minuty"},"schema":{"@context":"https:\/\/schema.org","@graph":[{"@type":"Article","@id":"https:\/\/borowaparafia.pl\/?p=4756#article","isPartOf":{"@id":"https:\/\/borowaparafia.pl\/?p=4756"},"author":{"name":"borowaparafia","@id":"https:\/\/borowaparafia.pl\/#\/schema\/person\/c412832172f94136d3a80fbc31a5cc37"},"headline":"OG\u0141OSZENIA DUSZPASTERKIE 30.08.2026","datePublished":"2026-08-29T21:35:01+00:00","dateModified":"2026-08-29T21:35:53+00:00","mainEntityOfPage":{"@id":"https:\/\/borowaparafia.pl\/?p=4756"},"wordCount":324,"publisher":{"@id":"https:\/\/borowaparafia.pl\/#organization"},"articleSection":["Aktualno\u015bci"],"inLanguage":"pl-PL"},{"@type":"WebPage","@id":"https:\/\/borowaparafia.pl\/?p=4756","url":"https:\/\/borowaparafia.pl\/?p=4756","name":"OG\u0141OSZENIA DUSZPASTERKIE 30.08.2026 - Parafia Borowa","isPartOf":{"@id":"https:\/\/borowaparafia.pl\/#website"},"datePublished":"2026-08-29T21:35:01+00:00","dateModified":"2026-08-29T21:35:53+00:00","breadcrumb":{"@id":"https:\/\/borowaparafia.pl\/?p=4756#breadcrumb"},"inLanguage":"pl-PL","potentialAction":[{"@type":"ReadAction","target":["https:\/\/borowaparafia.pl\/?p=4756"]}]},{"@type":"BreadcrumbList","@id":"https:\/\/borowaparafia.pl\/?p=4756#breadcrumb","itemListElement":[{"@type":"ListItem","position":1,"name":"Strona g\u0142\u00f3wna","item":"https:\/\/borowaparafia.pl\/"},{"@type":"ListItem","position":2,"name":"OG\u0141OSZENIA DUSZPASTERKIE 30.08.2026"}]},{"@type":"WebSite","@id":"https:\/\/borowaparafia.pl\/#website","url":"https:\/\/borowaparafia.pl\/","name":"Parafia Borowa","description":"","publisher":{"@id":"https:\/\/borowaparafia.pl\/#organization"},"potentialAction":[{"@type":"SearchAction","target":{"@type":"EntryPoint","urlTemplate":"https:\/\/borowaparafia.pl\/?s={search_term_string}"},"query-input":"required name=search_term_string"}],"inLanguage":"pl-PL"},{"@type":"Organization","@id":"https:\/\/borowaparafia.pl\/#organization","name":"Parafia Borowa","url":"https:\/\/borowaparafia.pl\/","logo":{"@type":"ImageObject","inLanguage":"pl-PL","@id":"https:\/\/borowaparafia.pl\/#\/schema\/logo\/image\/","url":"https:\/\/borowaparafia.pl\/wp-content\/uploads\/2021\/05\/cropped-cropped-parafia-scaled-2-1.jpg","contentUrl":"https:\/\/borowaparafia.pl\/wp-content\/uploads\/2021\/05\/cropped-cropped-parafia-scaled-2-1.jpg","width":1600,"height":240,"caption":"Parafia Borowa"},"image":{"@id":"https:\/\/borowaparafia.pl\/#\/schema\/logo\/image\/"}},{"@type":"Person","@id":"https:\/\/borowaparafia.pl\/#\/schema\/person\/c412832172f94136d3a80fbc31a5cc37","name":"borowaparafia","sameAs":["https:\/\/borowaparafia.pl"],"url":"https:\/\/borowaparafia.pl\/?author=1"}]}},"_links":{"self":[{"href":"https:\/\/borowaparafia.pl\/index.php?rest_route=\/wp\/v2\/posts\/4756"}],"collection":[{"href":"https:\/\/borowaparafia.pl\/index.php?rest_route=\/wp\/v2\/posts"}],"about":[{"href":"https:\/\/borowaparafia.pl\/index.php?rest_route=\/wp\/v2\/types\/post"}],"author":[{"embeddable":true,"href":"https:\/\/borowaparafia.pl\/index.php?rest_route=\/wp\/v2\/users\/1"}],"replies":[{"embeddable":true,"href":"https:\/\/borowaparafia.pl\/index.php?rest_route=%2Fwp%2Fv2%2Fcomments&post=4756"}],"version-history":[{"count":1,"href":"https:\/\/borowaparafia.pl\/index.php?rest_route=\/wp\/v2\/posts\/4756\/revisions"}],"predecessor-version":[{"id":4757,"href":"https:\/\/borowaparafia.pl\/index.php?rest_route=\/wp\/v2\/posts\/4756\/revisions\/4757"}],"wp:attachment":[{"href":"https:\/\/borowaparafia.pl\/index.php?rest_route=%2Fwp%2Fv2%2Fmedia&parent=4756"}],"wp:term":[{"taxonomy":"category","embeddable":true,"href":"https:\/\/borowaparafia.pl\/index.php?rest_route=%2Fwp%2Fv2%2Fcategories&post=4756"},{"taxonomy":"post_tag","embeddable":true,"href":"https:\/\/borowaparafia.pl\/index.php?rest_route=%2Fwp%2Fv2%2Ftags&post=4756"}],"curies":[{"name":"wp","href":"https:\/\/api.w.org\/{rel}","templated":true}]}}