{"id":4754,"date":"2026-08-29T23:33:18","date_gmt":"2026-08-29T21:33:18","guid":{"rendered":"https:\/\/borowaparafia.pl\/?p=4754"},"modified":"2026-09-01T10:25:47","modified_gmt":"2026-09-01T08:25:47","slug":"intencje-mszalne-30-08-6-09-2026","status":"publish","type":"post","link":"https:\/\/borowaparafia.pl\/?p=4754","title":{"rendered":"INTENCJE MSZALNE 30.08-6.09.2026"},"content":{"rendered":"\n<p class=\"has-text-align-center\"><strong>INTENCJE MSZALNE<br>od 30 sierpnia do 6 wrze\u015bnia 2026 r.<\/strong><\/p>\n\n\n\n<p class=\"has-text-align-center\"><strong><u>22 Niedziela zwyk\u0142a \u2013 30 sierpnia<\/u><\/strong><strong><\/strong><\/p>\n\n\n\n<p><strong>Smardz\u00f3w \u2013 godz. 9.00:<br>1.<\/strong> + Daniela WR\u00d3BEL &#8211; 1 r. \u015bm.<br><strong>2.<\/strong> + Anna SORYS \u2013 od rodziny Sorys\u00f3w i Paczu\u0142\u00f3w<\/p>\n\n\n\n<p><strong>Niecisz\u00f3w \u2013 godz. 10.30:<\/strong> ++ Anna i J\u00f3zef PERSAKOWIE<\/p>\n\n\n\n<p><strong>Borowa \u2013 godz. 12.00:<br>1.<\/strong> + Kazimierz KALECI\u0143SKI \u2013 od Druh\u00f3w z OSP w Borowej<br><strong>2.<\/strong> + Miros\u0142aw SIERADZKI \u2013 od Stanis\u0142awy i Henryka CHODAKOWSKICH<strong><\/strong><\/p>\n\n\n\n<p><strong>Smardz\u00f3w \u2013 godz. 20.00: <\/strong>Dzi\u0119kczynno-b\u0142agalna za Zenona LE\u015aNIAKA w 60 r. urodzin<\/p>\n\n\n\n<p class=\"has-text-align-center\"><strong><u>\u015aroda \u2013 2 wrze\u015bnia<\/u><\/strong><strong><\/strong><\/p>\n\n\n\n<p><strong>Niecisz\u00f3w \u2013 godz. 18.00: <\/strong>++ Aniela i W\u0142adys\u0142aw, Aniela i Jan, Barbara i Edward POPOWICZOWIE<\/p>\n\n\n\n<p class=\"has-text-align-center\"><strong><u>Pierwszy czwartek \u2013 3 wrze\u015bnia<br><\/u><\/strong><strong>\u015aw. Grzegorza Wielkiego<\/strong><\/p>\n\n\n\n<p><strong>GODZINA \u015aWIETA:<\/strong><br><strong>Smardz\u00f3w \u2013 godz. 18.00: <\/strong>++ Stefan, Barbara, Marek JO\u0143COWIE<br><strong>Po Mszy \u015bw. adoracja Naj\u015bwi\u0119tszego Sakramentu do 19.00<\/strong><\/p>\n\n\n\n<p class=\"has-text-align-center\"><strong><u>Pierwszy pi\u0105tek \u2013 4 wrze\u015bnia<\/u><\/strong><strong><\/strong><\/p>\n\n\n\n<p><strong>Smardz\u00f3w \u2013 godz. 16.45 \u2013 <\/strong>spowied\u017a z obrz\u0119dem Komunii \u015aw.<\/p>\n\n\n\n<p><strong>Borowa \u2013 godz. 17.30 \u2013 <\/strong>spowied\u017a oraz adoracja Naj\u015bwi\u0119tszego Sakramentu<strong><\/strong><\/p>\n\n\n\n<p><strong>Borowa \u2013 godz. 18.00: <\/strong>+ Maria WR\u00d3BLEWSKA<strong><\/strong><\/p>\n\n\n\n<p><strong>Niecisz\u00f3w \u2013 godz. 19.00 \u2013 20.00 \u2013 <\/strong>adoracja Naj\u015bwi\u0119tszego Sakramentu oraz spowied\u017a<br>z obrz\u0119dem Komunii \u015awi\u0119tej<\/p>\n\n\n\n<p class=\"has-text-align-center\"><strong><u>Pierwsza sobota \u2013 5 wrze\u015bnia<\/u><\/strong><strong><\/strong><\/p>\n\n\n\n<p><strong>Smardz\u00f3w \u2013 godz. 08.00: <\/strong>wolna intencja<br><strong>Po Mszy \u015bw. adoracja Naj\u015bwi\u0119tszego Sakramentu z modlitw\u0105 r\u00f3\u017ca\u0144cow\u0105<\/strong><\/p>\n\n\n\n<p class=\"has-text-align-center\"><strong><u>23 Niedziela zwyk\u0142a \u2013 6 wrze\u015bnia<\/u><\/strong><strong><\/strong><\/p>\n\n\n\n<p><strong>Smardz\u00f3w \u2013 godz. 9.00:<br>1.<\/strong> + Tadeusz CIE\u015aLAK \u2013 1 r. \u015bm.<br><strong>2.<\/strong> ++ Bronis\u0142awa i Franciszek G\u0141OWACZEWSCY, Bronis\u0142awa ROKITA, Marian BARA\u0143SKI<\/p>\n\n\n\n<p><strong>Niecisz\u00f3w \u2013 godz. 10.30:<\/strong> + Marek HUPA\u0141O \u2013 9 r. \u015bm.<\/p>\n\n\n\n<p><strong>Borowa \u2013 godz. 12.00:<br>1.<\/strong> + Helena GRZEGORCZYK \u2013 1 r. \u015bm.<br><strong>2.<\/strong> ++ Janina, Wanda, Karol, Tadeusz, W\u0142adys\u0142aw CHODAKOWSCY<strong><br>3. <\/strong>+ Danuta KASPRZAK \u2013 od kuzyna W\u0142odzimierza i kuzynki Hanny<br><strong>Po Mszy \u015bw. spotkanie os\u00f3b udaj\u0105cych si\u0119 na pa\u017adziernikow\u0105 pielgrzymk\u0119 do Fatimy<\/strong><\/p>\n\n\n\n<p><strong>Smardz\u00f3w \u2013 godz. 20.00: <\/strong>++ Tadeusz, J\u00f3zefa, Adam, Kazimierz, El\u017cbieta SOWOWIE, Roman, Lubomira, Jan RYSTWEJOWIE<\/p>\n","protected":false},"excerpt":{"rendered":"<p>INTENCJE MSZALNEod 30 sierpnia do 6 wrze\u015bnia 2026 r. 22 Niedziela zwyk\u0142a \u2013 30 sierpnia Smardz\u00f3w \u2013 godz. 9.00:1. + Daniela WR\u00d3BEL &#8211; 1 r. \u015bm.2. + Anna SORYS \u2013 od rodziny Sorys\u00f3w i Paczu\u0142\u00f3w Niecisz\u00f3w \u2013 godz. 10.30: ++ Anna i J\u00f3zef PERSAKOWIE Borowa \u2013 godz. 12.00:1. + Kazimierz KALECI\u0143SKI \u2013 od Druh\u00f3w z&#8230;<\/p>\n<p class=\"more-link-wrap\"><a href=\"https:\/\/borowaparafia.pl\/?p=4754\" class=\"more-link\">Read More<span class=\"screen-reader-text\"> &ldquo;INTENCJE MSZALNE 30.08-6.09.2026&rdquo;<\/span> &raquo;<\/a><\/p>\n","protected":false},"author":1,"featured_media":0,"comment_status":"closed","ping_status":"closed","sticky":false,"template":"","format":"standard","meta":{"_monsterinsights_skip_tracking":false,"_monsterinsights_sitenote_active":false,"_monsterinsights_sitenote_note":"","_monsterinsights_sitenote_category":0},"categories":[4],"tags":[],"yoast_head":"<!-- This site is optimized with the Yoast SEO plugin v19.11 - https:\/\/yoast.com\/wordpress\/plugins\/seo\/ -->\n<title>INTENCJE MSZALNE 30.08-6.09.2026 - Parafia Borowa<\/title>\n<meta name=\"robots\" content=\"index, follow, max-snippet:-1, max-image-preview:large, max-video-preview:-1\" \/>\n<link rel=\"canonical\" href=\"https:\/\/borowaparafia.pl\/?p=4754\" \/>\n<meta property=\"og:locale\" content=\"pl_PL\" \/>\n<meta property=\"og:type\" content=\"article\" \/>\n<meta property=\"og:title\" content=\"INTENCJE MSZALNE 30.08-6.09.2026 - Parafia Borowa\" \/>\n<meta property=\"og:description\" content=\"INTENCJE MSZALNEod 30 sierpnia do 6 wrze\u015bnia 2026 r. 22 Niedziela zwyk\u0142a \u2013 30 sierpnia Smardz\u00f3w \u2013 godz. 9.00:1. + Daniela WR\u00d3BEL &#8211; 1 r. \u015bm.2. + Anna SORYS \u2013 od rodziny Sorys\u00f3w i Paczu\u0142\u00f3w Niecisz\u00f3w \u2013 godz. 10.30: ++ Anna i J\u00f3zef PERSAKOWIE Borowa \u2013 godz. 12.00:1. + Kazimierz KALECI\u0143SKI \u2013 od Druh\u00f3w z...Read More &ldquo;INTENCJE MSZALNE 30.08-6.09.2026&rdquo; &raquo;\" \/>\n<meta property=\"og:url\" content=\"https:\/\/borowaparafia.pl\/?p=4754\" \/>\n<meta property=\"og:site_name\" content=\"Parafia Borowa\" \/>\n<meta property=\"article:published_time\" content=\"2026-08-29T21:33:18+00:00\" \/>\n<meta property=\"article:modified_time\" content=\"2026-09-01T08:25:47+00:00\" \/>\n<meta name=\"author\" content=\"borowaparafia\" \/>\n<meta name=\"twitter:card\" content=\"summary_large_image\" \/>\n<meta name=\"twitter:label1\" content=\"Napisane przez\" \/>\n\t<meta name=\"twitter:data1\" content=\"borowaparafia\" \/>\n\t<meta name=\"twitter:label2\" content=\"Szacowany czas czytania\" \/>\n\t<meta name=\"twitter:data2\" content=\"2 minuty\" \/>\n<script type=\"application\/ld+json\" class=\"yoast-schema-graph\">{\"@context\":\"https:\/\/schema.org\",\"@graph\":[{\"@type\":\"Article\",\"@id\":\"https:\/\/borowaparafia.pl\/?p=4754#article\",\"isPartOf\":{\"@id\":\"https:\/\/borowaparafia.pl\/?p=4754\"},\"author\":{\"name\":\"borowaparafia\",\"@id\":\"https:\/\/borowaparafia.pl\/#\/schema\/person\/c412832172f94136d3a80fbc31a5cc37\"},\"headline\":\"INTENCJE MSZALNE 30.08-6.09.2026\",\"datePublished\":\"2026-08-29T21:33:18+00:00\",\"dateModified\":\"2026-09-01T08:25:47+00:00\",\"mainEntityOfPage\":{\"@id\":\"https:\/\/borowaparafia.pl\/?p=4754\"},\"wordCount\":270,\"publisher\":{\"@id\":\"https:\/\/borowaparafia.pl\/#organization\"},\"articleSection\":[\"Aktualno\u015bci\"],\"inLanguage\":\"pl-PL\"},{\"@type\":\"WebPage\",\"@id\":\"https:\/\/borowaparafia.pl\/?p=4754\",\"url\":\"https:\/\/borowaparafia.pl\/?p=4754\",\"name\":\"INTENCJE MSZALNE 30.08-6.09.2026 - Parafia Borowa\",\"isPartOf\":{\"@id\":\"https:\/\/borowaparafia.pl\/#website\"},\"datePublished\":\"2026-08-29T21:33:18+00:00\",\"dateModified\":\"2026-09-01T08:25:47+00:00\",\"breadcrumb\":{\"@id\":\"https:\/\/borowaparafia.pl\/?p=4754#breadcrumb\"},\"inLanguage\":\"pl-PL\",\"potentialAction\":[{\"@type\":\"ReadAction\",\"target\":[\"https:\/\/borowaparafia.pl\/?p=4754\"]}]},{\"@type\":\"BreadcrumbList\",\"@id\":\"https:\/\/borowaparafia.pl\/?p=4754#breadcrumb\",\"itemListElement\":[{\"@type\":\"ListItem\",\"position\":1,\"name\":\"Strona g\u0142\u00f3wna\",\"item\":\"https:\/\/borowaparafia.pl\/\"},{\"@type\":\"ListItem\",\"position\":2,\"name\":\"INTENCJE MSZALNE 30.08-6.09.2026\"}]},{\"@type\":\"WebSite\",\"@id\":\"https:\/\/borowaparafia.pl\/#website\",\"url\":\"https:\/\/borowaparafia.pl\/\",\"name\":\"Parafia Borowa\",\"description\":\"\",\"publisher\":{\"@id\":\"https:\/\/borowaparafia.pl\/#organization\"},\"potentialAction\":[{\"@type\":\"SearchAction\",\"target\":{\"@type\":\"EntryPoint\",\"urlTemplate\":\"https:\/\/borowaparafia.pl\/?s={search_term_string}\"},\"query-input\":\"required name=search_term_string\"}],\"inLanguage\":\"pl-PL\"},{\"@type\":\"Organization\",\"@id\":\"https:\/\/borowaparafia.pl\/#organization\",\"name\":\"Parafia Borowa\",\"url\":\"https:\/\/borowaparafia.pl\/\",\"logo\":{\"@type\":\"ImageObject\",\"inLanguage\":\"pl-PL\",\"@id\":\"https:\/\/borowaparafia.pl\/#\/schema\/logo\/image\/\",\"url\":\"https:\/\/borowaparafia.pl\/wp-content\/uploads\/2021\/05\/cropped-cropped-parafia-scaled-2-1.jpg\",\"contentUrl\":\"https:\/\/borowaparafia.pl\/wp-content\/uploads\/2021\/05\/cropped-cropped-parafia-scaled-2-1.jpg\",\"width\":1600,\"height\":240,\"caption\":\"Parafia Borowa\"},\"image\":{\"@id\":\"https:\/\/borowaparafia.pl\/#\/schema\/logo\/image\/\"}},{\"@type\":\"Person\",\"@id\":\"https:\/\/borowaparafia.pl\/#\/schema\/person\/c412832172f94136d3a80fbc31a5cc37\",\"name\":\"borowaparafia\",\"sameAs\":[\"https:\/\/borowaparafia.pl\"],\"url\":\"https:\/\/borowaparafia.pl\/?author=1\"}]}<\/script>\n<!-- \/ Yoast SEO plugin. -->","yoast_head_json":{"title":"INTENCJE MSZALNE 30.08-6.09.2026 - Parafia Borowa","robots":{"index":"index","follow":"follow","max-snippet":"max-snippet:-1","max-image-preview":"max-image-preview:large","max-video-preview":"max-video-preview:-1"},"canonical":"https:\/\/borowaparafia.pl\/?p=4754","og_locale":"pl_PL","og_type":"article","og_title":"INTENCJE MSZALNE 30.08-6.09.2026 - Parafia Borowa","og_description":"INTENCJE MSZALNEod 30 sierpnia do 6 wrze\u015bnia 2026 r. 22 Niedziela zwyk\u0142a \u2013 30 sierpnia Smardz\u00f3w \u2013 godz. 9.00:1. + Daniela WR\u00d3BEL &#8211; 1 r. \u015bm.2. + Anna SORYS \u2013 od rodziny Sorys\u00f3w i Paczu\u0142\u00f3w Niecisz\u00f3w \u2013 godz. 10.30: ++ Anna i J\u00f3zef PERSAKOWIE Borowa \u2013 godz. 12.00:1. + Kazimierz KALECI\u0143SKI \u2013 od Druh\u00f3w z...Read More &ldquo;INTENCJE MSZALNE 30.08-6.09.2026&rdquo; &raquo;","og_url":"https:\/\/borowaparafia.pl\/?p=4754","og_site_name":"Parafia Borowa","article_published_time":"2026-08-29T21:33:18+00:00","article_modified_time":"2026-09-01T08:25:47+00:00","author":"borowaparafia","twitter_card":"summary_large_image","twitter_misc":{"Napisane przez":"borowaparafia","Szacowany czas czytania":"2 minuty"},"schema":{"@context":"https:\/\/schema.org","@graph":[{"@type":"Article","@id":"https:\/\/borowaparafia.pl\/?p=4754#article","isPartOf":{"@id":"https:\/\/borowaparafia.pl\/?p=4754"},"author":{"name":"borowaparafia","@id":"https:\/\/borowaparafia.pl\/#\/schema\/person\/c412832172f94136d3a80fbc31a5cc37"},"headline":"INTENCJE MSZALNE 30.08-6.09.2026","datePublished":"2026-08-29T21:33:18+00:00","dateModified":"2026-09-01T08:25:47+00:00","mainEntityOfPage":{"@id":"https:\/\/borowaparafia.pl\/?p=4754"},"wordCount":270,"publisher":{"@id":"https:\/\/borowaparafia.pl\/#organization"},"articleSection":["Aktualno\u015bci"],"inLanguage":"pl-PL"},{"@type":"WebPage","@id":"https:\/\/borowaparafia.pl\/?p=4754","url":"https:\/\/borowaparafia.pl\/?p=4754","name":"INTENCJE MSZALNE 30.08-6.09.2026 - Parafia Borowa","isPartOf":{"@id":"https:\/\/borowaparafia.pl\/#website"},"datePublished":"2026-08-29T21:33:18+00:00","dateModified":"2026-09-01T08:25:47+00:00","breadcrumb":{"@id":"https:\/\/borowaparafia.pl\/?p=4754#breadcrumb"},"inLanguage":"pl-PL","potentialAction":[{"@type":"ReadAction","target":["https:\/\/borowaparafia.pl\/?p=4754"]}]},{"@type":"BreadcrumbList","@id":"https:\/\/borowaparafia.pl\/?p=4754#breadcrumb","itemListElement":[{"@type":"ListItem","position":1,"name":"Strona g\u0142\u00f3wna","item":"https:\/\/borowaparafia.pl\/"},{"@type":"ListItem","position":2,"name":"INTENCJE MSZALNE 30.08-6.09.2026"}]},{"@type":"WebSite","@id":"https:\/\/borowaparafia.pl\/#website","url":"https:\/\/borowaparafia.pl\/","name":"Parafia Borowa","description":"","publisher":{"@id":"https:\/\/borowaparafia.pl\/#organization"},"potentialAction":[{"@type":"SearchAction","target":{"@type":"EntryPoint","urlTemplate":"https:\/\/borowaparafia.pl\/?s={search_term_string}"},"query-input":"required name=search_term_string"}],"inLanguage":"pl-PL"},{"@type":"Organization","@id":"https:\/\/borowaparafia.pl\/#organization","name":"Parafia Borowa","url":"https:\/\/borowaparafia.pl\/","logo":{"@type":"ImageObject","inLanguage":"pl-PL","@id":"https:\/\/borowaparafia.pl\/#\/schema\/logo\/image\/","url":"https:\/\/borowaparafia.pl\/wp-content\/uploads\/2021\/05\/cropped-cropped-parafia-scaled-2-1.jpg","contentUrl":"https:\/\/borowaparafia.pl\/wp-content\/uploads\/2021\/05\/cropped-cropped-parafia-scaled-2-1.jpg","width":1600,"height":240,"caption":"Parafia Borowa"},"image":{"@id":"https:\/\/borowaparafia.pl\/#\/schema\/logo\/image\/"}},{"@type":"Person","@id":"https:\/\/borowaparafia.pl\/#\/schema\/person\/c412832172f94136d3a80fbc31a5cc37","name":"borowaparafia","sameAs":["https:\/\/borowaparafia.pl"],"url":"https:\/\/borowaparafia.pl\/?author=1"}]}},"_links":{"self":[{"href":"https:\/\/borowaparafia.pl\/index.php?rest_route=\/wp\/v2\/posts\/4754"}],"collection":[{"href":"https:\/\/borowaparafia.pl\/index.php?rest_route=\/wp\/v2\/posts"}],"about":[{"href":"https:\/\/borowaparafia.pl\/index.php?rest_route=\/wp\/v2\/types\/post"}],"author":[{"embeddable":true,"href":"https:\/\/borowaparafia.pl\/index.php?rest_route=\/wp\/v2\/users\/1"}],"replies":[{"embeddable":true,"href":"https:\/\/borowaparafia.pl\/index.php?rest_route=%2Fwp%2Fv2%2Fcomments&post=4754"}],"version-history":[{"count":3,"href":"https:\/\/borowaparafia.pl\/index.php?rest_route=\/wp\/v2\/posts\/4754\/revisions"}],"predecessor-version":[{"id":4759,"href":"https:\/\/borowaparafia.pl\/index.php?rest_route=\/wp\/v2\/posts\/4754\/revisions\/4759"}],"wp:attachment":[{"href":"https:\/\/borowaparafia.pl\/index.php?rest_route=%2Fwp%2Fv2%2Fmedia&parent=4754"}],"wp:term":[{"taxonomy":"category","embeddable":true,"href":"https:\/\/borowaparafia.pl\/index.php?rest_route=%2Fwp%2Fv2%2Fcategories&post=4754"},{"taxonomy":"post_tag","embeddable":true,"href":"https:\/\/borowaparafia.pl\/index.php?rest_route=%2Fwp%2Fv2%2Ftags&post=4754"}],"curies":[{"name":"wp","href":"https:\/\/api.w.org\/{rel}","templated":true}]}}